{"id":895,"date":"2013-09-25T07:05:05","date_gmt":"2013-09-25T07:05:05","guid":{"rendered":"http:\/\/www.tinosoriano.com\/blog\/?p=895"},"modified":"2013-09-25T07:05:05","modified_gmt":"2013-09-25T07:05:05","slug":"fotografia-y-objetividad","status":"publish","type":"post","link":"https:\/\/www.tinosoriano.com\/blog\/fotografia-y-objetividad\/","title":{"rendered":"Fotograf\u00eda y objetividad"},"content":{"rendered":"<p><a href=\"http:\/\/www.tinosoriano.com\/blog\/wp-content\/uploads\/2013\/09\/P1040156-90.jpg\"><img decoding=\"async\" loading=\"lazy\" class=\"aligncenter size-medium wp-image-897\" alt=\"P1040156-90\" src=\"http:\/\/www.tinosoriano.com\/blog\/wp-content\/uploads\/2013\/09\/P1040156-90-300x224.jpg\" width=\"300\" height=\"224\" srcset=\"https:\/\/www.tinosoriano.com\/blog\/wp-content\/uploads\/2013\/09\/P1040156-90-300x224.jpg 300w, https:\/\/www.tinosoriano.com\/blog\/wp-content\/uploads\/2013\/09\/P1040156-90-1024x767.jpg 1024w, https:\/\/www.tinosoriano.com\/blog\/wp-content\/uploads\/2013\/09\/P1040156-90.jpg 1063w\" sizes=\"(max-width: 300px) 100vw, 300px\" \/><\/a><\/p>\n<p>A finales de septiembre de 2013 la mayor\u00eda del pleno del Tribunal Constitucional rechaz\u00f3 las recusaciones de la Generalitat de Catalu\u00f1a contra su presidente, <b>Francisco P\u00e9rez de los Cobos<\/b> y fall\u00f3 que, a pesar de que este hubiera militado en un partido pol\u00edtico mientras era magistrado, la obligaci\u00f3n de <b>imparcialidad<\/b> que la Ley impone no equivale a una <b>neutralidad<\/b> \u201c<i>casi imposible de cumplir en cualesquiera profesionales<\/i>\u201d. Con este auto, de un plumazo, el tribunal de mayor\u00eda conservadora \u00a0desautoriz\u00f3 el compromiso de imparcialidad que figura en casi todos los c\u00f3digos \u00e9ticos de las instituciones period\u00edsticas m\u00e1s prestigiosas.<\/p>\n<p>Imparcialidad, neutralidad, objetividad\u2026la verdad absoluta no existe. Son cualidades que con frecuencia pierden su raz\u00f3n de ser en el reportaje, puesto que es un g\u00e9nero a caballo entre la informaci\u00f3n y la interpretaci\u00f3n. En el preciso instante que el fot\u00f3grafo encuadra, efect\u00faa una acci\u00f3n selectiva. \u201c<i>Intentas aproximarte a una situaci\u00f3n con la mente abierta, pero una vez en ella adquieres una opini\u00f3n y, entonces, la expresas con tus fotograf\u00edas<\/i>\u201d- lo resum\u00eda <b>Mary Ellen Mark<\/b>. La realidad que se cuenta es la que m\u00e1s se aproxima a la que quiere transmitir el fot\u00f3grafo.<\/p>\n<p>Los editores gr\u00e1ficos, cuando piensan en un profesional de la imagen para que haga un determinado encargo, valoran a menudo su personalidad, su habilidad, sus planteamientos y sus ideas. El director de la agencia VU, <b>Christian Caujolle<\/b>, lo expresaba en estos t\u00e9rminos: \u201c<i>Yo no estoy interesado en la objetividad. Me interesan las emociones del fot\u00f3grafo. Quiero que el fot\u00f3grafo piense en la mejor manera de expresar que est\u00e1 pensando y sintiendo sobre los eventos que est\u00e1 fotografiando<\/i>\u201d. Por eso los grandes editores procuraban, cuando era posible, reunirse y mantener una entrevista con el fot\u00f3grafo para reflexionar sobre el tema.<\/p>\n<p>La objetividad entendida como una equidistancia con respecto a la historia narrada por un fot\u00f3grafo, tambi\u00e9n la descartaba el propio precursor del ensayo fotogr\u00e1fico, <b>Eugene Smith<\/b> que opinaba que \u201c<i>La primera palabra que borrar\u00eda del folclore de los fotoperiodistas es la palabra \u201cobjetividad\u201d. Esto ser\u00eda un paso de gigante hacia la b\u00fasqueda de la verdad en la fotograf\u00eda de prensa. Y quiz\u00e1s, \u201cverdad\u201d ser\u00eda la segunda palabra que borrar\u00eda. Liberado de estas dos distorsiones, el periodista y fot\u00f3grafo pueden afrontar sus responsabilidades reales<\/i>\u201d. Es imposible no denotar una opini\u00f3n cuando se narra un evento, aunque sea inconscientemente, puesto que uno de los principales nutrientes del reportaje es la emoci\u00f3n. Solo un robot podr\u00eda desprenderse de ella.<\/p>\n<p>Por \u00faltimo, la interpretaci\u00f3n del lector tampoco es objetiva. Cada persona valora la informaci\u00f3n que recibe de acuerdo con su percepci\u00f3n, su formaci\u00f3n, sus ideas, su experiencia, sus intereses&#8230; la ecuanimidad es una cualidad dif\u00edcil, imposible cuando es un ser humano el que expone los hechos o existen intereses detr\u00e1s de la comunicaci\u00f3n. Consciente de esa dificultad el lema del <i>San Francisco Chronicle <\/i>no admite tapujos: \u201c<i>Independiente en todo, neutral ante nada<\/i>\u201d.<\/p>\n","protected":false},"excerpt":{"rendered":"<p>A finales de septiembre de 2013 la mayor\u00eda del pleno del Tribunal Constitucional rechaz\u00f3 las recusaciones de la Generalitat de Catalu\u00f1a contra su presidente, Francisco P\u00e9rez de los Cobos y fall\u00f3 que, a pesar de que este hubiera militado en un partido pol\u00edtico mientras era magistrado, la obligaci\u00f3n de imparcialidad que la Ley impone no [&hellip;]<\/p>\n","protected":false},"author":2,"featured_media":0,"comment_status":"open","ping_status":"closed","sticky":false,"template":"","format":"standard","meta":{"_genesis_hide_title":false,"_genesis_hide_breadcrumbs":false,"_genesis_hide_singular_image":false,"_genesis_hide_footer_widgets":false,"_genesis_custom_body_class":"","_genesis_custom_post_class":"","_genesis_layout":""},"categories":[1],"tags":[],"_links":{"self":[{"href":"https:\/\/www.tinosoriano.com\/blog\/wp-json\/wp\/v2\/posts\/895"}],"collection":[{"href":"https:\/\/www.tinosoriano.com\/blog\/wp-json\/wp\/v2\/posts"}],"about":[{"href":"https:\/\/www.tinosoriano.com\/blog\/wp-json\/wp\/v2\/types\/post"}],"author":[{"embeddable":true,"href":"https:\/\/www.tinosoriano.com\/blog\/wp-json\/wp\/v2\/users\/2"}],"replies":[{"embeddable":true,"href":"https:\/\/www.tinosoriano.com\/blog\/wp-json\/wp\/v2\/comments?post=895"}],"version-history":[{"count":0,"href":"https:\/\/www.tinosoriano.com\/blog\/wp-json\/wp\/v2\/posts\/895\/revisions"}],"wp:attachment":[{"href":"https:\/\/www.tinosoriano.com\/blog\/wp-json\/wp\/v2\/media?parent=895"}],"wp:term":[{"taxonomy":"category","embeddable":true,"href":"https:\/\/www.tinosoriano.com\/blog\/wp-json\/wp\/v2\/categories?post=895"},{"taxonomy":"post_tag","embeddable":true,"href":"https:\/\/www.tinosoriano.com\/blog\/wp-json\/wp\/v2\/tags?post=895"}],"curies":[{"name":"wp","href":"https:\/\/api.w.org\/{rel}","templated":true}]}}