{"id":653,"date":"2012-10-18T16:26:51","date_gmt":"2012-10-18T16:26:51","guid":{"rendered":"http:\/\/www.tinosoriano.com\/blog\/?p=653"},"modified":"2012-10-18T16:30:48","modified_gmt":"2012-10-18T16:30:48","slug":"sobre-la-distancia-de-trabajo","status":"publish","type":"post","link":"https:\/\/www.tinosoriano.com\/blog\/sobre-la-distancia-de-trabajo\/","title":{"rendered":"Sobre la distancia a la que se debe tomar una foto"},"content":{"rendered":"<p><a href=\"http:\/\/www.tinosoriano.com\/blog\/wp-content\/uploads\/2012\/10\/Tino_Soriano-Turquia-int.jpg\"><img decoding=\"async\" loading=\"lazy\" class=\"aligncenter size-full wp-image-654\" title=\"Tino_Soriano-Turquia-int\" src=\"http:\/\/www.tinosoriano.com\/blog\/wp-content\/uploads\/2012\/10\/Tino_Soriano-Turquia-int.jpg\" alt=\"\" width=\"709\" height=\"471\" srcset=\"https:\/\/www.tinosoriano.com\/blog\/wp-content\/uploads\/2012\/10\/Tino_Soriano-Turquia-int.jpg 709w, https:\/\/www.tinosoriano.com\/blog\/wp-content\/uploads\/2012\/10\/Tino_Soriano-Turquia-int-300x199.jpg 300w\" sizes=\"(max-width: 709px) 100vw, 709px\" \/><\/a><\/p>\n<p>Cada fot\u00f3grafo podr\u00eda (o deber\u00eda) definir, si se lo pidieran, una distancia de trabajo en la que est\u00e1 c\u00f3modo, as\u00ed como algunos determinados recursos t\u00e9cnicos en los que conf\u00eda.<\/p>\n<p>La fot\u00f3grafa de Magnum, Inge Morath, por ejemplo, que se inici\u00f3 como asistente de Cartier-Bresson, comentaba refiri\u00e9ndose a los m\u00e9todos de su mentor: \u201c<em>Henry usaba l\u00e1piz de labio rojo para marcar su velocidad favorita y la distancia -1\/125 de segundo y 4 metros<\/em>\u201d. Las relaciones que el fot\u00f3grafo entabla con el sujeto, su comprensi\u00f3n, su interpretaci\u00f3n de cuanto acaece en t\u00e9rminos visuales y la distancia focal de la \u00f3ptica que m\u00e1s utilizan influyen en los resultados: \u201c<em>Yo trabaj\u00e9 durante mucho tiempo con un objetivo de 35 mil\u00edmetros<\/em> -refer\u00eda Raymond Depardon- <em>Ahora utilizo un 50, y todo el mundo me dec\u00eda que estaba demasiado alejado. \u00bfMuy lejos? Pero yo no pod\u00eda aproximarme m\u00e1s. Me encontraba bien a cuatro o cinco metros. En el fondo, estoy dentro de la media. Elliot Erwitt se colocar\u00eda a diez o quince metros y el ideal de William Klein son un metro y medio o dos<\/em>\u201d.<\/p>\n<p>Pero aunque la norma general sea no situarse demasiado lejos, aproximarse f\u00edsicamente al centro de la acci\u00f3n no siempre proporciona los mejores resultados. Cuando Robert Capa postulaba que el principal defecto de muchas im\u00e1genes es que el fot\u00f3grafo no est\u00e1 cerca es porque, en la pr\u00e1ctica, muchas fotograf\u00edas adolecen de un exceso de informaci\u00f3n que enturbia su mensaje. Una buena t\u00e9cnica para evitar este problema es tomar una foto y avanzar un par de pasos. Luego fotografiar de nuevo y caminar un poco m\u00e1s. As\u00ed se pueden poner en pr\u00e1ctica las ense\u00f1anzas del maestro h\u00fangaro.<\/p>\n<p>Hablaremos de todo eso y de muchas cosas m\u00e1s en el taller que dar\u00e9 la semana que viene en Oaxaca, con motivo del <strong><a href=\"http:\/\/www.tinosoriano.com\/es\/cursets\/veure\/http_www_photoxpeditions_com_xpeditions_itemlist_tag_North_20America\">D\u00eda de Muertos<\/a><\/strong>. Mis dos pr\u00f3ximas salidas ya est\u00e1n anunciadas en mi <strong><a href=\"http:\/\/www.tinosoriano.com\/es\/cursets\">web<\/a><\/strong>. A finales de enero-2013 el viaje ser\u00e1 a <strong><a href=\"http:\/\/viajes.rudyarpia.com\/\">Myanmar<\/a><\/strong> y, aprovechando la Semana Santa y la fiesta del <strong><a href=\"http:\/\/www.taringa.net\/posts\/imagenes\/2316772\/Equot_HoliEquot_-Fiesta-de-los-colores-en-India.html\">Holi<\/a><\/strong>, el taller versar\u00e1 sobre \u00ab<strong><a href=\"http:\/\/australphoto.com\/nuestros-profesores\/tino-soriano\/el-color-de-la-india\/\">Fotograf\u00eda en color<\/a><\/strong>\u00bb en la India. \u00a1A ver si hay suerte y coincidimos!<\/p>\n","protected":false},"excerpt":{"rendered":"<p>Cada fot\u00f3grafo podr\u00eda (o deber\u00eda) definir, si se lo pidieran, una distancia de trabajo en la que est\u00e1 c\u00f3modo, as\u00ed como algunos determinados recursos t\u00e9cnicos en los que conf\u00eda. La fot\u00f3grafa de Magnum, Inge Morath, por ejemplo, que se inici\u00f3 como asistente de Cartier-Bresson, comentaba refiri\u00e9ndose a los m\u00e9todos de su mentor: \u201cHenry usaba l\u00e1piz [&hellip;]<\/p>\n","protected":false},"author":2,"featured_media":0,"comment_status":"open","ping_status":"closed","sticky":false,"template":"","format":"standard","meta":{"_genesis_hide_title":false,"_genesis_hide_breadcrumbs":false,"_genesis_hide_singular_image":false,"_genesis_hide_footer_widgets":false,"_genesis_custom_body_class":"","_genesis_custom_post_class":"","_genesis_layout":""},"categories":[5,1],"tags":[],"_links":{"self":[{"href":"https:\/\/www.tinosoriano.com\/blog\/wp-json\/wp\/v2\/posts\/653"}],"collection":[{"href":"https:\/\/www.tinosoriano.com\/blog\/wp-json\/wp\/v2\/posts"}],"about":[{"href":"https:\/\/www.tinosoriano.com\/blog\/wp-json\/wp\/v2\/types\/post"}],"author":[{"embeddable":true,"href":"https:\/\/www.tinosoriano.com\/blog\/wp-json\/wp\/v2\/users\/2"}],"replies":[{"embeddable":true,"href":"https:\/\/www.tinosoriano.com\/blog\/wp-json\/wp\/v2\/comments?post=653"}],"version-history":[{"count":0,"href":"https:\/\/www.tinosoriano.com\/blog\/wp-json\/wp\/v2\/posts\/653\/revisions"}],"wp:attachment":[{"href":"https:\/\/www.tinosoriano.com\/blog\/wp-json\/wp\/v2\/media?parent=653"}],"wp:term":[{"taxonomy":"category","embeddable":true,"href":"https:\/\/www.tinosoriano.com\/blog\/wp-json\/wp\/v2\/categories?post=653"},{"taxonomy":"post_tag","embeddable":true,"href":"https:\/\/www.tinosoriano.com\/blog\/wp-json\/wp\/v2\/tags?post=653"}],"curies":[{"name":"wp","href":"https:\/\/api.w.org\/{rel}","templated":true}]}}