{"id":2384,"date":"2020-05-11T11:14:50","date_gmt":"2020-05-11T11:14:50","guid":{"rendered":"https:\/\/www.tinosoriano.com\/blog\/?p=2384"},"modified":"2021-05-18T17:02:15","modified_gmt":"2021-05-18T17:02:15","slug":"cesar-lucas-abreu-fotografia-grandes-amigos-y-rock-and-roll","status":"publish","type":"post","link":"https:\/\/www.tinosoriano.com\/blog\/cesar-lucas-abreu-fotografia-grandes-amigos-y-rock-and-roll\/","title":{"rendered":"C\u00e9sar Lucas Abreu, fotograf\u00eda, grandes amigos y rock and roll."},"content":{"rendered":"\n<figure class=\"wp-block-image\"><img decoding=\"async\" loading=\"lazy\" width=\"1024\" height=\"768\" src=\"https:\/\/www.tinosoriano.com\/blog\/wp-content\/uploads\/2020\/05\/MOP3761-90-1024x768.jpg\" alt=\"\" class=\"wp-image-2385\" srcset=\"https:\/\/www.tinosoriano.com\/blog\/wp-content\/uploads\/2020\/05\/MOP3761-90-1024x768.jpg 1024w, https:\/\/www.tinosoriano.com\/blog\/wp-content\/uploads\/2020\/05\/MOP3761-90-300x225.jpg 300w, https:\/\/www.tinosoriano.com\/blog\/wp-content\/uploads\/2020\/05\/MOP3761-90-768x576.jpg 768w, https:\/\/www.tinosoriano.com\/blog\/wp-content\/uploads\/2020\/05\/MOP3761-90.jpg 1063w\" sizes=\"(max-width: 1024px) 100vw, 1024px\" \/><figcaption>Eva Cruz y C\u00e9sar Lucas Abreu<\/figcaption><\/figure>\n\n\n\n<p>\u00c9ramos tres, como los mosqueteros, como el tr\u00edo Calaveras, como la  Sant\u00edsima Trinidad, aunque de santos tuvi\u00e9ramos m\u00e1s bien poco. Cuando  visitaba Madrid nos encontr\u00e1bamos \u00c1lvaro Leiva, C\u00e9sar Lucas Abreu y yo.  Nos admir\u00e1bamos porque apreci\u00e1bamos lo mucho que hab\u00eda que aprender de  los dem\u00e1s. \u00c1lvaro y C\u00e9sar trabajaban para las revistas m\u00e1s prestigiosas  del mundo. Nuestras charlas eran intensas, pasionales, y habl\u00e1bamos de fotograf\u00eda con un mont\u00f3n de cervezas ocasionales, que se empe\u00f1aba en pagar siempre el hijo del conocido fot\u00f3grafo C\u00e9sar Lucas, del que sin duda hered\u00f3 la vocaci\u00f3n y  el talento. \u201cTe has de pasar al digital\u201d &#8211; insist\u00edan los dos, cuando yo defend\u00eda que una buena diapositiva proporcionaba m\u00e1s calidad que los incipientes archivos num\u00e9ricos de principios de siglo. Me lo dec\u00edan porque me quer\u00edan y deseaban lo mejor. <\/p>\n\n\n\n<p>Era imposible no amar a esa pareja de fot\u00f3grafos, reporteros expertos y sibaritas de la vida. La disfrutaron a cada minuto, ansiosos de captar con su aguda mirada la verdad intangible que se amaga detr\u00e1s de cualquier ser humano. C\u00e9sar Lucas Abreu era un gran retratista, reputado <a href=\"https:\/\/elpais.com\/elpais\/2020\/05\/11\/album\/1589199102_090486.html?fbclid=IwAR17bHShiD-ONsLJIGXa81UXMYZLp1ghSYRLmyg8p2BU8GxHwLMbu2CcneE\"><strong>fot\u00f3grafo<\/strong><\/a> de viajes y especialista en fotografiar veh\u00edculos de alta gama. \u00c1lvaro era m\u00e1s de proyectos a largo plazo. Los dos eran muy inteligentes. Uno nos dej\u00f3 de improviso, pero C\u00e9sar ha luchado d\u00edas y d\u00edas como un jabato. <\/p>\n\n\n\n<p>Habl\u00e9 con \u00e9l cuando su inseparable compa\u00f1era Eva Cruz me avis\u00f3 que estaba en el hospital. Pactamos estar en contacto todos los d\u00edas, pero percib\u00ed su debilidad y le dije que primero le enviar\u00eda un aviso para no despertarlo o para no pillarle en un momento dif\u00edcil. Hablamos de medicaci\u00f3n, del futuro, de lo fant\u00e1stico que era su archivo todav\u00eda por explotar y me dijo que le hac\u00eda ilusi\u00f3n charlar conmigo. <\/p>\n\n\n\n<p>En mi \u00faltimo correo escrib\u00ed \u201cMaestro \u00bfc\u00f3mo vas? \u00bfMejor?\u201d, previo a la llamada pactada, y al cabo de un rato observ\u00e9 que respond\u00eda. Ya sab\u00e9is c\u00f3mo va el WhatsApp: \u201cC\u00e9sar Lucas Abreu (escribiendo)\u2026\u201d  pero jam\u00e1s lleg\u00f3 a apretar la tecla para devolver la que habr\u00eda sido su \u00faltima respuesta. El chat se qued\u00f3 mudo, en blanco. Al principio pens\u00e9 que contestar\u00eda m\u00e1s tarde, pero cuando vi que no lo hac\u00eda supe que algo iba mal y que las circunstancias exigir\u00edan lo mejor de \u00e9l. <\/p>\n\n\n\n<p>Era todo un campe\u00f3n, un fot\u00f3grafo de gran talento que si no fue m\u00e1s conocido, fue por su proverbial alergia a los homenajes. Nuestra charla de mosqueteros para \u00e9l era suficiente, aparte de sus pinitos con la m\u00fasica y su incondicional amor por una Evita que lo cuid\u00f3 hasta el \u00faltimo momento. Fotograf\u00eda, amigos y rock and roll.  Uno de los \u00faltimos regalos que me hizo fue un disco del grupo Yenga, en el que tocaba la guitarra. Se llamaba \u201cNunca es demasiado tarde para hacer lo que quieras\u201d. <\/p>\n\n\n\n<p>Y a fe que se lo tom\u00f3 al pie de la letra. Vivi\u00f3 la vida con intensidad, viaj\u00f3 mucho, vio muchas cosas, am\u00f3 con pasi\u00f3n y nos ha dejado hu\u00e9rfanos a muchos admiradores de su trabajo y a dos hijos de 17 y 15 a\u00f1os cuya madre muri\u00f3 tambi\u00e9n de c\u00e1ncer en septiembre. Ahora solo quedo yo para pagar la ronda, pero conf\u00edo que en alg\u00fan momento podremos disfrutar de la obra in\u00e9dita de mis admirados compa\u00f1eros. C\u00e9sar vuela hacia la eternidad, en su \u00faltimo gran viaje, y se encontrar\u00e1 con \u00c1lvaro y se ir\u00e1n juntos a tomar fotos. Me esperar\u00e1n en alguna nube y cuando nos encontremos nos obsequiaremos con un gran abrazo, fieles al ritual establecido, y volveremos a charlar de nuestras cosas. <\/p>\n\n\n\n<p>\nPuedes disfrutar de sus im\u00e1genes en la web: <a href=\"https:\/\/www.cesarlucasabreu.com\"><strong>https:\/\/www.cesarlucasabreu.com<\/strong><\/a><\/p>\n\n\n\n<figure class=\"wp-block-image\"><img decoding=\"async\" loading=\"lazy\" width=\"1024\" height=\"966\" src=\"https:\/\/www.tinosoriano.com\/blog\/wp-content\/uploads\/2020\/05\/MOP3765-1024x966.jpg\" alt=\"\" class=\"wp-image-2387\" srcset=\"https:\/\/www.tinosoriano.com\/blog\/wp-content\/uploads\/2020\/05\/MOP3765-1024x966.jpg 1024w, https:\/\/www.tinosoriano.com\/blog\/wp-content\/uploads\/2020\/05\/MOP3765-300x283.jpg 300w, https:\/\/www.tinosoriano.com\/blog\/wp-content\/uploads\/2020\/05\/MOP3765-768x725.jpg 768w, https:\/\/www.tinosoriano.com\/blog\/wp-content\/uploads\/2020\/05\/MOP3765.jpg 1063w\" sizes=\"(max-width: 1024px) 100vw, 1024px\" \/><figcaption>Con Eva Cruz y con C\u00e9sar, la \u00faltima vez que coincidimos.<\/figcaption><\/figure>\n","protected":false},"excerpt":{"rendered":"<p>\u00c9ramos tres, como los mosqueteros, como el tr\u00edo Calaveras, como la Sant\u00edsima Trinidad, aunque de santos tuvi\u00e9ramos m\u00e1s bien poco. Cuando visitaba Madrid nos encontr\u00e1bamos \u00c1lvaro Leiva, C\u00e9sar Lucas Abreu y yo. Nos admir\u00e1bamos porque apreci\u00e1bamos lo mucho que hab\u00eda que aprender de los dem\u00e1s. \u00c1lvaro y C\u00e9sar trabajaban para las revistas m\u00e1s prestigiosas del [&hellip;]<\/p>\n","protected":false},"author":2,"featured_media":2385,"comment_status":"open","ping_status":"closed","sticky":false,"template":"","format":"standard","meta":{"_genesis_hide_title":false,"_genesis_hide_breadcrumbs":false,"_genesis_hide_singular_image":false,"_genesis_hide_footer_widgets":false,"_genesis_custom_body_class":"","_genesis_custom_post_class":"","_genesis_layout":""},"categories":[5],"tags":[],"_links":{"self":[{"href":"https:\/\/www.tinosoriano.com\/blog\/wp-json\/wp\/v2\/posts\/2384"}],"collection":[{"href":"https:\/\/www.tinosoriano.com\/blog\/wp-json\/wp\/v2\/posts"}],"about":[{"href":"https:\/\/www.tinosoriano.com\/blog\/wp-json\/wp\/v2\/types\/post"}],"author":[{"embeddable":true,"href":"https:\/\/www.tinosoriano.com\/blog\/wp-json\/wp\/v2\/users\/2"}],"replies":[{"embeddable":true,"href":"https:\/\/www.tinosoriano.com\/blog\/wp-json\/wp\/v2\/comments?post=2384"}],"version-history":[{"count":6,"href":"https:\/\/www.tinosoriano.com\/blog\/wp-json\/wp\/v2\/posts\/2384\/revisions"}],"predecessor-version":[{"id":2394,"href":"https:\/\/www.tinosoriano.com\/blog\/wp-json\/wp\/v2\/posts\/2384\/revisions\/2394"}],"wp:featuredmedia":[{"embeddable":true,"href":"https:\/\/www.tinosoriano.com\/blog\/wp-json\/wp\/v2\/media\/2385"}],"wp:attachment":[{"href":"https:\/\/www.tinosoriano.com\/blog\/wp-json\/wp\/v2\/media?parent=2384"}],"wp:term":[{"taxonomy":"category","embeddable":true,"href":"https:\/\/www.tinosoriano.com\/blog\/wp-json\/wp\/v2\/categories?post=2384"},{"taxonomy":"post_tag","embeddable":true,"href":"https:\/\/www.tinosoriano.com\/blog\/wp-json\/wp\/v2\/tags?post=2384"}],"curies":[{"name":"wp","href":"https:\/\/api.w.org\/{rel}","templated":true}]}}