{"id":2362,"date":"2020-04-30T14:48:39","date_gmt":"2020-04-30T14:48:39","guid":{"rendered":"https:\/\/www.tinosoriano.com\/blog\/?p=2362"},"modified":"2020-04-30T14:48:41","modified_gmt":"2020-04-30T14:48:41","slug":"el-espiritu-emprendedor-de-los-alguersuari-y-un-300-f-2-8","status":"publish","type":"post","link":"https:\/\/www.tinosoriano.com\/blog\/el-espiritu-emprendedor-de-los-alguersuari-y-un-300-f-2-8\/","title":{"rendered":"El esp\u00edritu emprendedor de los Alguersuari y un 300 f\/2.8"},"content":{"rendered":"\n<figure class=\"wp-block-image\"><img decoding=\"async\" loading=\"lazy\" width=\"652\" height=\"492\" src=\"https:\/\/www.tinosoriano.com\/blog\/wp-content\/uploads\/2020\/04\/LV_20091010_LV_FOTOS_D_53802199695-652x492@LaVanguardia-Web.jpg\" alt=\"\" class=\"wp-image-2363\" srcset=\"https:\/\/www.tinosoriano.com\/blog\/wp-content\/uploads\/2020\/04\/LV_20091010_LV_FOTOS_D_53802199695-652x492@LaVanguardia-Web.jpg 652w, https:\/\/www.tinosoriano.com\/blog\/wp-content\/uploads\/2020\/04\/LV_20091010_LV_FOTOS_D_53802199695-652x492@LaVanguardia-Web-300x226.jpg 300w\" sizes=\"(max-width: 652px) 100vw, 652px\" \/><figcaption>Paco Alguersuari con su imagen \u00abLa desesperaci\u00f3n de Miquel Poblet\u00bb<\/figcaption><\/figure>\n\n\n\n<p>Una an\u00e9cdota que ilustra c\u00f3mo ninguna el esp\u00edritu emprendedor de un buen fotoperiodista se la debemos a <strong>Paco Alguersuari<\/strong>, uno de los fundadores de la hist\u00f3rica saga de fot\u00f3grafos catalanes. El testimonio procede de <strong>Emilio P\u00e9rez de Rozas<\/strong>, tambi\u00e9n descendiente de familia de reporteros, que lo acompa\u00f1aba como asistente en el rally de M\u00f3naco del a\u00f1o 1972. <\/p>\n\n\n\n<p>La organizaci\u00f3n solo conced\u00eda una acreditaci\u00f3n por cada cabecera de prensa y la \u00fanica disponible estaba a nombre del jefe, <strong>Paco Alguersuari<\/strong>. Para conseguir la credencial que necesitaba <strong>Emilio<\/strong>, antes de salir de Espa\u00f1a, el fot\u00f3grafo hizo imprimir un cartel t\u00edpico, de los que anunciaban las corridas de toros, en donde figuraba el nombre de los toreros <strong>Manuel Ben\u00edtez el Cordob\u00e9s<\/strong>, <strong>El Viti<\/strong> y\u2026 <strong>Louis Vagner<\/strong>. \u00c9ste \u00faltimo no era un matador, sino el jefe de prensa del rally de Montecarlo, que expidi\u00f3 sin ning\u00fan problema la segunda acreditaci\u00f3n para <strong>P\u00e9rez de Rozas<\/strong>.<\/p>\n\n\n\n<p>Pero \u00bfpor qu\u00e9 ese empe\u00f1o en acreditar a un ayudante, si las fotos las pod\u00eda haber tomado <strong>Alguersuari<\/strong>\u2026? Pues porqu\u00e9 hab\u00eda una posibilidad de ganar m\u00e1s dinero complementando las im\u00e1genes destinadas a los peri\u00f3dicos, un ejemplo de c\u00f3mo optimizar recursos para ganarse la vida, lo que ahora denominamos marketing o, en castizo \u201cbuscarse la vida\u201d. Lo refer\u00eda <strong>Emilio P\u00e9rez de Rozas<\/strong>: <\/p>\n\n\n\n<p>\u201c<em>A las cuatro y media de la ma\u00f1ana nos fuimos a la monta\u00f1a. Y llegamos a la quinta curva. El se\u00f1or Paco abri\u00f3 nuevamente el malet\u00edn y extrajo una inmensa pancarta de pl\u00e1stico, impecable, con el logotipo de la marca de buj\u00edas \u201cChampion\u201d. Lig\u00f3 la pancarta en un \u00e1rbol y me hizo extenderla y hacer de soporte al otro extremo. Es decir, la pancarta quedaba sujetada, en plena curva, por el \u00e1rbol y por m\u00ed. La mov\u00eda a medida que llegaban los participantes y trazaban la curva delante del cartel que el \u00e1rbol y yo sosten\u00edamos. Todo ilegal, claro. Despu\u00e9s, la semana siguiente, vi que algunas de aquellas fotograf\u00edas aparec\u00edan en diversas publicaciones espa\u00f1olas, en anuncios titulados: \u201cChampion estuvo en Montecarlo<\/em>\u201d.<\/p>\n\n\n\n<p><strong>Paco Algersuari<\/strong> trabajaba duro y, para redondear de sus ingresos por prensa y publicidad, pasaba las noches positivando ampliaciones fotogr\u00e1ficas en el hotel, que al d\u00eda siguiente vend\u00eda a los participantes en la misma l\u00ednea de salida. Un esfuerzo encomiable, llevando al l\u00edmite las posibilidades de su oficio en unos tiempos dif\u00edciles.<em>\ufeff<\/em><\/p>\n\n\n\n<figure class=\"wp-block-image\"><img decoding=\"async\" loading=\"lazy\" width=\"1024\" height=\"659\" src=\"https:\/\/www.tinosoriano.com\/blog\/wp-content\/uploads\/2020\/04\/Rally-de-Girona-1964-1024x659.jpeg\" alt=\"\" class=\"wp-image-2364\" srcset=\"https:\/\/www.tinosoriano.com\/blog\/wp-content\/uploads\/2020\/04\/Rally-de-Girona-1964-1024x659.jpeg 1024w, https:\/\/www.tinosoriano.com\/blog\/wp-content\/uploads\/2020\/04\/Rally-de-Girona-1964-300x193.jpeg 300w, https:\/\/www.tinosoriano.com\/blog\/wp-content\/uploads\/2020\/04\/Rally-de-Girona-1964-768x494.jpeg 768w, https:\/\/www.tinosoriano.com\/blog\/wp-content\/uploads\/2020\/04\/Rally-de-Girona-1964.jpeg 1600w\" sizes=\"(max-width: 1024px) 100vw, 1024px\" \/><figcaption>Foto de Jos\u00e9 Mar\u00eda Alguersuari<\/figcaption><\/figure>\n\n\n\n<p>El hijo de <strong>Paco<\/strong>, el tambi\u00e9n reconocido fot\u00f3grafo <strong>Jos\u00e9 Mar\u00eda<\/strong>, continu\u00f3 viajando a Montecarlo en compa\u00f1\u00eda de <strong>Josete Companys<\/strong>, amigo y modelo (o \u201ccaballero exhibidor\u201d como se les denominaba en la Espa\u00f1a franquista). En cualquier caso, un buen reclamo. A la salida de una academia de Niza\u00a0 reclutaron a un par de muchachas j\u00f3venes, las llevaron al <em>Col de Tourini<\/em> y las colocaron frente a un fondo nevado, de manera que cada vez que pasaba un coche de carreras tomaban una foto. Las chicas iban vestidas con ropa de verano \u2013la colecci\u00f3n de la marca Guitare- y llevaban a cabo la \u201csesi\u00f3n\u201d durante la madrugada, en presencia de cientos de espectadores y a temperaturas bajo cero en lo m\u00e1s alto de los Alpes. \u201c<em>Luego les regal\u00e1bamos los vestidos<\/em>\u201d \u2013recordaba <strong>Jos\u00e9 Mar\u00eda<\/strong> <strong>Alguersuari<\/strong>, que facturaba tambi\u00e9n ese extra aprovechando el evento.<\/p>\n\n\n\n<figure class=\"wp-block-image\"><img decoding=\"async\" loading=\"lazy\" width=\"1024\" height=\"968\" src=\"https:\/\/www.tinosoriano.com\/blog\/wp-content\/uploads\/2020\/04\/2-1024x968.jpg\" alt=\"\" class=\"wp-image-2365\" srcset=\"https:\/\/www.tinosoriano.com\/blog\/wp-content\/uploads\/2020\/04\/2.jpg 1024w, https:\/\/www.tinosoriano.com\/blog\/wp-content\/uploads\/2020\/04\/2-300x284.jpg 300w, https:\/\/www.tinosoriano.com\/blog\/wp-content\/uploads\/2020\/04\/2-768x726.jpg 768w\" sizes=\"(max-width: 1024px) 100vw, 1024px\" \/><figcaption>Jos\u00e9 Mar\u00eda Alguersuari con el 300 f\/2.8 de fluorita.<\/figcaption><\/figure>\n\n\n\n<p>Nuestro fot\u00f3grafo tambi\u00e9n es conocido por la introducci\u00f3n del Canon 300 2\/8 de fluorita en 1975, un objetivo que en aquella \u00e9poca costaba el doble que un coche Renault-5. Equipado de esa \u00f3ptica fich\u00f3 por el Peri\u00f3dico de Catalu\u00f1a. \u201c<strong><em>Carlos Bosch<\/em><\/strong><em> se volv\u00eda loco con aquellas fotos de deportes pero yo lo utilizaba tambi\u00e9n para los reportajes y retratos del Dominical. Ganaba 80.000 pts y lo mismo en Don Bal\u00f3n, e \u00eddem en Solomoto. Era el fot\u00f3grafo mejor pagado de esos a\u00f1os&#8230; gracias a ese tipo de fotos. Le debo todo a esa \u00f3ptica. Me fich\u00f3 La Vanguardia despu\u00e9s. Hac\u00eda otro tipo de fotos con ese cacharro y he vivido de ello. Una buena inversi\u00f3n con una pasta que no ten\u00eda, porque innovar es hacer lo que no hacen los dem\u00e1s<\/em>\u201d \u2013 comenta <strong>Jos\u00e9 Mar\u00eda Alguersuari. <\/strong>Pod\u00e9is leer m\u00e1s aventuras en su libro \u00ab<em><a href=\"https:\/\/www.todocoleccion.net\/libros-segunda-mano-diseno-fotografia\/diarios-fotografia-alguna-motocicleta-texto-fotos-jose-maria-alguersuari~x119989639\"><strong>Diarios de fotograf\u00eda y alguna motocicleta<\/strong><\/a><\/em>\u00ab.<\/p>\n\n\n\n<figure class=\"wp-block-image\"><img decoding=\"async\" loading=\"lazy\" width=\"683\" height=\"1024\" src=\"https:\/\/www.tinosoriano.com\/blog\/wp-content\/uploads\/2020\/04\/5-683x1024.jpg\" alt=\"\" class=\"wp-image-2366\" srcset=\"https:\/\/www.tinosoriano.com\/blog\/wp-content\/uploads\/2020\/04\/5.jpg 683w, https:\/\/www.tinosoriano.com\/blog\/wp-content\/uploads\/2020\/04\/5-200x300.jpg 200w\" sizes=\"(max-width: 683px) 100vw, 683px\" \/><figcaption>Foto de Jos\u00e9 Mar\u00eda Alguersuari<\/figcaption><\/figure>\n\n\n\n<hr class=\"wp-block-separator\"\/>\n\n\n\n<figure class=\"wp-block-image\"><img decoding=\"async\" loading=\"lazy\" width=\"1024\" height=\"668\" src=\"https:\/\/www.tinosoriano.com\/blog\/wp-content\/uploads\/2020\/04\/1-1024x668.jpg\" alt=\"\" class=\"wp-image-2367\" srcset=\"https:\/\/www.tinosoriano.com\/blog\/wp-content\/uploads\/2020\/04\/1.jpg 1024w, https:\/\/www.tinosoriano.com\/blog\/wp-content\/uploads\/2020\/04\/1-300x196.jpg 300w, https:\/\/www.tinosoriano.com\/blog\/wp-content\/uploads\/2020\/04\/1-768x501.jpg 768w\" sizes=\"(max-width: 1024px) 100vw, 1024px\" \/><figcaption> Foto de Jos\u00e9 Mar\u00eda Alguersuari <\/figcaption><\/figure>\n\n\n\n<figure class=\"wp-block-image\"><img decoding=\"async\" loading=\"lazy\" width=\"1024\" height=\"677\" src=\"https:\/\/www.tinosoriano.com\/blog\/wp-content\/uploads\/2020\/04\/Jos\u00e9-Mar\u00eda-Alguersuari-1024x677.jpeg\" alt=\"\" class=\"wp-image-2368\" srcset=\"https:\/\/www.tinosoriano.com\/blog\/wp-content\/uploads\/2020\/04\/Jos\u00e9-Mar\u00eda-Alguersuari-1024x677.jpeg 1024w, https:\/\/www.tinosoriano.com\/blog\/wp-content\/uploads\/2020\/04\/Jos\u00e9-Mar\u00eda-Alguersuari-300x198.jpeg 300w, https:\/\/www.tinosoriano.com\/blog\/wp-content\/uploads\/2020\/04\/Jos\u00e9-Mar\u00eda-Alguersuari-768x508.jpeg 768w, https:\/\/www.tinosoriano.com\/blog\/wp-content\/uploads\/2020\/04\/Jos\u00e9-Mar\u00eda-Alguersuari.jpeg 1600w\" sizes=\"(max-width: 1024px) 100vw, 1024px\" \/><figcaption>Si os gustan las motos no perderos <a href=\"https:\/\/www.alguersuari.com\/\"><strong>el blog de Jos\u00e9 Mar\u00eda Alguersuar<\/strong>i<\/a><\/figcaption><\/figure>\n\n\n\n<p style=\"text-align:center\"><a href=\"https:\/\/www.yomecorono.com\/?fbclid=IwAR0iVwsTnxbm1dOhA4u0jlCSAtdUWtnbMoxdtuGK3fUepGhy6EcJhDW9rnU\"><strong>PULSA  AQU\u00cd PARA CONTRIBUIR CON UNA AYUDA ECON\u00d3MICA Y AYUDAR A LA  INVESTIGACI\u00d3N DE UNA VACUNA CONTRA EL COVID-19,  PROYECTO   #YO ME CORONO<\/strong><\/a><\/p>\n\n\n\n<p><\/p>\n\n\n\n<div class=\"wp-block-image\"><figure class=\"aligncenter\"><img decoding=\"async\" loading=\"lazy\" width=\"150\" height=\"150\" src=\"https:\/\/www.tinosoriano.com\/blog\/wp-content\/uploads\/2020\/04\/MOP4474-90-2-150x150.jpg\" alt=\"\" class=\"wp-image-2285\"\/><figcaption><a href=\"https:\/\/www.todostuslibros.com\/busquedas?keyword=Ay%C3%BAdame+a+mirar.+La+biblia+del+reportaje+gr%C3%A1fico\"><strong>Extra\u00eddo del libro \u201cAy\u00fadame a mirar\u201d<\/strong><\/a><\/figcaption><\/figure><\/div>\n\n\n\n<p><a href=\"#_ftnref1\"><em><strong>[1]<\/strong><\/em><\/a><em> <strong>Paco Algersuari<\/strong> trabajaba duro y, para redondear de sus ingresos por prensa y\npublicidad, pasaba las noches positivando ampliaciones fotogr\u00e1ficas en el\nhotel, que al d\u00eda siguiente vend\u00eda a los participantes en la misma l\u00ednea de\nsalida. Un esfuerzo encomiable, llevando al l\u00edmite las posibilidades de su\noficio en unos tiempos dif\u00edciles.<\/em><\/p>\n","protected":false},"excerpt":{"rendered":"<p>Una an\u00e9cdota que ilustra c\u00f3mo ninguna el esp\u00edritu emprendedor de un buen fotoperiodista se la debemos a Paco Alguersuari, uno de los fundadores de la hist\u00f3rica saga de fot\u00f3grafos catalanes. El testimonio procede de Emilio P\u00e9rez de Rozas, tambi\u00e9n descendiente de familia de reporteros, que lo acompa\u00f1aba como asistente en el rally de M\u00f3naco del [&hellip;]<\/p>\n","protected":false},"author":2,"featured_media":0,"comment_status":"open","ping_status":"closed","sticky":false,"template":"","format":"standard","meta":{"_genesis_hide_title":false,"_genesis_hide_breadcrumbs":false,"_genesis_hide_singular_image":false,"_genesis_hide_footer_widgets":false,"_genesis_custom_body_class":"","_genesis_custom_post_class":"","_genesis_layout":""},"categories":[79,5,78],"tags":[],"_links":{"self":[{"href":"https:\/\/www.tinosoriano.com\/blog\/wp-json\/wp\/v2\/posts\/2362"}],"collection":[{"href":"https:\/\/www.tinosoriano.com\/blog\/wp-json\/wp\/v2\/posts"}],"about":[{"href":"https:\/\/www.tinosoriano.com\/blog\/wp-json\/wp\/v2\/types\/post"}],"author":[{"embeddable":true,"href":"https:\/\/www.tinosoriano.com\/blog\/wp-json\/wp\/v2\/users\/2"}],"replies":[{"embeddable":true,"href":"https:\/\/www.tinosoriano.com\/blog\/wp-json\/wp\/v2\/comments?post=2362"}],"version-history":[{"count":14,"href":"https:\/\/www.tinosoriano.com\/blog\/wp-json\/wp\/v2\/posts\/2362\/revisions"}],"predecessor-version":[{"id":2382,"href":"https:\/\/www.tinosoriano.com\/blog\/wp-json\/wp\/v2\/posts\/2362\/revisions\/2382"}],"wp:attachment":[{"href":"https:\/\/www.tinosoriano.com\/blog\/wp-json\/wp\/v2\/media?parent=2362"}],"wp:term":[{"taxonomy":"category","embeddable":true,"href":"https:\/\/www.tinosoriano.com\/blog\/wp-json\/wp\/v2\/categories?post=2362"},{"taxonomy":"post_tag","embeddable":true,"href":"https:\/\/www.tinosoriano.com\/blog\/wp-json\/wp\/v2\/tags?post=2362"}],"curies":[{"name":"wp","href":"https:\/\/api.w.org\/{rel}","templated":true}]}}