{"id":2348,"date":"2020-04-18T08:34:23","date_gmt":"2020-04-18T08:34:23","guid":{"rendered":"https:\/\/www.tinosoriano.com\/blog\/?p=2348"},"modified":"2020-04-18T08:34:25","modified_gmt":"2020-04-18T08:34:25","slug":"el-prologo-que-motivo-a-miles-de-fotoperiodistas","status":"publish","type":"post","link":"https:\/\/www.tinosoriano.com\/blog\/el-prologo-que-motivo-a-miles-de-fotoperiodistas\/","title":{"rendered":"El pr\u00f3logo que motiv\u00f3 a miles de fotoperiodistas"},"content":{"rendered":"\n<figure class=\"wp-block-image\"><img decoding=\"async\" loading=\"lazy\" width=\"1024\" height=\"717\" src=\"https:\/\/www.tinosoriano.com\/blog\/wp-content\/uploads\/2020\/04\/margaret-bourke-white1-1-1024x717.jpg\" alt=\"\" class=\"wp-image-2352\" srcset=\"https:\/\/www.tinosoriano.com\/blog\/wp-content\/uploads\/2020\/04\/margaret-bourke-white1-1-1024x717.jpg 1024w, https:\/\/www.tinosoriano.com\/blog\/wp-content\/uploads\/2020\/04\/margaret-bourke-white1-1-300x210.jpg 300w, https:\/\/www.tinosoriano.com\/blog\/wp-content\/uploads\/2020\/04\/margaret-bourke-white1-1-768x538.jpg 768w, https:\/\/www.tinosoriano.com\/blog\/wp-content\/uploads\/2020\/04\/margaret-bourke-white1-1.jpg 2000w\" sizes=\"(max-width: 1024px) 100vw, 1024px\" \/><\/figure>\n\n\n\n<p style=\"text-align:center\"><em>Extra\u00eddo del libro \u00abAy\u00fadame a mirar\u00bb &#8211; Photoclub Anaya<\/em><\/p>\n\n\n\n<p>La condici\u00f3n m\u00e1s importante para tener \u00e9xito como reportero es situarse en el lugar donde acaecen los hechos y no m\u00e1s lejos de cinco metros en la medida de lo posible. Los fot\u00f3grafos con talento poseen una impronta especial y su empe\u00f1o para conseguir im\u00e1genes excepcionales les ha empujado en ocasiones a actitudes suicidas. As\u00ed una fat\u00eddica mina escondida estall\u00f3 bajo los pies de <strong>Robert Capa<\/strong> el 25 de mayo de 1954 y acab\u00f3 con un reportero audaz, con el m\u00edtico fot\u00f3grafo de guerra que llevaba inscrito en su casco \u00ab<em>gran amante y gran jugador de p\u00f3ker<\/em>\u00ab. Nacido en realidad <strong>Endre Friedmann<\/strong>, no fue f\u00e1cil para un insignificante adolescente jud\u00edo de Budapest labrarse un nombre en el mundo del fotoperiodismo, pero tuvo perseverancia y otras cualidades imprescindibles para salir adelante. Y, sobre todo, mucho marketing, una condici\u00f3n m\u00e1s bien desde\u00f1able en aquellos tiempos.<\/p>\n\n\n\n<figure class=\"wp-block-image\"><img decoding=\"async\" loading=\"lazy\" width=\"1024\" height=\"576\" src=\"https:\/\/www.tinosoriano.com\/blog\/wp-content\/uploads\/2020\/04\/151110-mills-robert-capa-tease_avu6nu-1024x576.jpg\" alt=\"\" class=\"wp-image-2350\" srcset=\"https:\/\/www.tinosoriano.com\/blog\/wp-content\/uploads\/2020\/04\/151110-mills-robert-capa-tease_avu6nu-1024x576.jpg 1024w, https:\/\/www.tinosoriano.com\/blog\/wp-content\/uploads\/2020\/04\/151110-mills-robert-capa-tease_avu6nu-300x169.jpg 300w, https:\/\/www.tinosoriano.com\/blog\/wp-content\/uploads\/2020\/04\/151110-mills-robert-capa-tease_avu6nu-768x432.jpg 768w, https:\/\/www.tinosoriano.com\/blog\/wp-content\/uploads\/2020\/04\/151110-mills-robert-capa-tease_avu6nu.jpg 1480w\" sizes=\"(max-width: 1024px) 100vw, 1024px\" \/><\/figure>\n\n\n\n<p>A trav\u00e9s de las an\u00e9cdotas de los fot\u00f3grafos especializados en conflictos b\u00e9licos es f\u00e1cil encontrar ejemplos que revelan el car\u00e1cter de los buenos reporteros, muchos de los cuales son hoy un referente, aunque la mayor\u00eda se retiraron tras padecer severas lesiones f\u00edsicas y, sobre todo, psicol\u00f3gicas. La personalidad y el entusiasmo de los que obtuvieron una merecida fama son indudables. <strong>John Phillips<\/strong>, un veterano fot\u00f3grafo de <em>LIFE<\/em>, rememoraba en estos t\u00e9rminos su conversaci\u00f3n con su colega <strong>Margaret Bourke-White<\/strong> en una lancha de salvamento,reci\u00e9n rescatada la famosa reportera neoyorkina del barco torpedeado en el que viajaba durante la II Guerra Mundial: <em>\u00abAl preguntarle c\u00f3mo hab\u00eda ido,<\/em> <em>Margaret<\/em> <em>me respondi\u00f3:<\/em> <em>Hab\u00eda un cielo K2<\/em><em>, apantallado con una luz sombr\u00eda y amarillenta; ideal para tomar buenas fotos\u00bb<\/em>.<\/p>\n\n\n\n<figure class=\"wp-block-image\"><img decoding=\"async\" loading=\"lazy\" width=\"600\" height=\"600\" src=\"https:\/\/www.tinosoriano.com\/blog\/wp-content\/uploads\/2020\/04\/margaret-bourke-white2.jpg\" alt=\"\" class=\"wp-image-2349\" srcset=\"https:\/\/www.tinosoriano.com\/blog\/wp-content\/uploads\/2020\/04\/margaret-bourke-white2.jpg 600w, https:\/\/www.tinosoriano.com\/blog\/wp-content\/uploads\/2020\/04\/margaret-bourke-white2-150x150.jpg 150w, https:\/\/www.tinosoriano.com\/blog\/wp-content\/uploads\/2020\/04\/margaret-bourke-white2-300x300.jpg 300w\" sizes=\"(max-width: 600px) 100vw, 600px\" \/><\/figure>\n\n\n\n<p>A partir de la guerra de Espa\u00f1a, los reporteros, equipados con c\u00e1maras ligeras y diminutas, aportaron su arrojo para que los medios de comunicaci\u00f3n compartieran, a trav\u00e9s de su mirada, el mundo al mundo. Claro que los tiempos han cambiado desde aquel 23 de noviembre de 1936 en el que apareci\u00f3 por primera vez la revista <em>LIFE<\/em>. <\/p>\n\n\n\n<p>Inspirados por sus ideales y tras admirar una portada precisamente de <strong>Margaret Bourke-White<\/strong>, una infinidad de j\u00f3venes aventureros decidi\u00f3 recorrer los confines del planeta, a guisa de modernos caballeros andantes, deslumbrados por el pr\u00f3logo tan sugerente que escribi\u00f3 su fundador <strong>Henri Luce<\/strong> en un editorial hist\u00f3rico que definir\u00eda los ideales de una nueva generaci\u00f3n de reporteros: <\/p>\n\n\n\n<figure class=\"wp-block-image\"><img decoding=\"async\" loading=\"lazy\" width=\"360\" height=\"480\" src=\"https:\/\/www.tinosoriano.com\/blog\/wp-content\/uploads\/2020\/04\/LIFE-Magazine-1936-11-23.jpg\" alt=\"\" class=\"wp-image-2356\" srcset=\"https:\/\/www.tinosoriano.com\/blog\/wp-content\/uploads\/2020\/04\/LIFE-Magazine-1936-11-23.jpg 360w, https:\/\/www.tinosoriano.com\/blog\/wp-content\/uploads\/2020\/04\/LIFE-Magazine-1936-11-23-225x300.jpg 225w\" sizes=\"(max-width: 360px) 100vw, 360px\" \/><\/figure>\n\n\n\n<p>Y ese pr\u00f3logo rezaba as\u00ed: <\/p>\n\n\n\n<p>\u00abpara<em>&#8230; ver la vida; ver el mundo; ser testimonio visual de los grandes acontecimientos; observar los rostros de los pobres y las gestas de los poderosos; ver lo extra\u00f1o -m\u00e1quinas, ej\u00e9rcitos, hordas, sombras en la selva y sombras en la Luna. Ver el trabajo del hombre -sus pinturas, sus viajes y sus descubrimientos; ver situaciones a miles de kil\u00f3metros; situaciones ocultas detr\u00e1s de los muros y en las habitaciones, situaciones peligrosas que acaecen; ver y adquirir el placer de ver; ver y asombrarse; ver y aprender&#8230;<\/em>\u00ab. <\/p>\n\n\n\n<p>A pesar del tiempo transcurrido esos ecos todav\u00eda no se han acallado y por eso hay fot\u00f3grafos que prueban fortuna como fotoperiodistas, como lo hicieron en una \u00e9poca que nunca volver\u00e1 <strong>Robert Capa<\/strong>, <strong>Margaret Bourke-White<\/strong>, <strong>Henri Cartier-Bresson<\/strong> o <strong>John Phillips<\/strong> entre tantos miles.<\/p>\n\n\n\n<p style=\"text-align:center\"><a href=\"https:\/\/www.yomecorono.com\/?fbclid=IwAR0iVwsTnxbm1dOhA4u0jlCSAtdUWtnbMoxdtuGK3fUepGhy6EcJhDW9rnU\"><strong>PULSA  AQU\u00cd PARA CONTRIBUIR CON UNA AYUDA ECON\u00d3MICA Y AYUDAR A LA   INVESTIGACI\u00d3N DE UNA VACUNA CONTRA EL COVID-19,  PROYECTO   #YO ME   CORONO<\/strong><\/a><\/p>\n\n\n\n<div class=\"wp-block-image\"><figure class=\"aligncenter\"><img decoding=\"async\" loading=\"lazy\" width=\"150\" height=\"150\" src=\"https:\/\/www.tinosoriano.com\/blog\/wp-content\/uploads\/2020\/04\/MOP4474-90-2-150x150.jpg\" alt=\"\" class=\"wp-image-2285\"\/><figcaption><a href=\"https:\/\/www.todostuslibros.com\/busquedas?keyword=Ay%C3%BAdame+a+mirar.+La+biblia+del+reportaje+gr%C3%A1fico\"><strong>Portada del libro \u201cAy\u00fadame a mirar\u201d<\/strong><\/a><\/figcaption><\/figure><\/div>\n\n\n\n<hr class=\"wp-block-separator\"\/>\n","protected":false},"excerpt":{"rendered":"<p>Extra\u00eddo del libro \u00abAy\u00fadame a mirar\u00bb &#8211; Photoclub Anaya La condici\u00f3n m\u00e1s importante para tener \u00e9xito como reportero es situarse en el lugar donde acaecen los hechos y no m\u00e1s lejos de cinco metros en la medida de lo posible. Los fot\u00f3grafos con talento poseen una impronta especial y su empe\u00f1o para conseguir im\u00e1genes excepcionales [&hellip;]<\/p>\n","protected":false},"author":2,"featured_media":0,"comment_status":"open","ping_status":"closed","sticky":false,"template":"","format":"standard","meta":{"_genesis_hide_title":false,"_genesis_hide_breadcrumbs":false,"_genesis_hide_singular_image":false,"_genesis_hide_footer_widgets":false,"_genesis_custom_body_class":"","_genesis_custom_post_class":"","_genesis_layout":""},"categories":[79,5,78,1],"tags":[],"_links":{"self":[{"href":"https:\/\/www.tinosoriano.com\/blog\/wp-json\/wp\/v2\/posts\/2348"}],"collection":[{"href":"https:\/\/www.tinosoriano.com\/blog\/wp-json\/wp\/v2\/posts"}],"about":[{"href":"https:\/\/www.tinosoriano.com\/blog\/wp-json\/wp\/v2\/types\/post"}],"author":[{"embeddable":true,"href":"https:\/\/www.tinosoriano.com\/blog\/wp-json\/wp\/v2\/users\/2"}],"replies":[{"embeddable":true,"href":"https:\/\/www.tinosoriano.com\/blog\/wp-json\/wp\/v2\/comments?post=2348"}],"version-history":[{"count":7,"href":"https:\/\/www.tinosoriano.com\/blog\/wp-json\/wp\/v2\/posts\/2348\/revisions"}],"predecessor-version":[{"id":2360,"href":"https:\/\/www.tinosoriano.com\/blog\/wp-json\/wp\/v2\/posts\/2348\/revisions\/2360"}],"wp:attachment":[{"href":"https:\/\/www.tinosoriano.com\/blog\/wp-json\/wp\/v2\/media?parent=2348"}],"wp:term":[{"taxonomy":"category","embeddable":true,"href":"https:\/\/www.tinosoriano.com\/blog\/wp-json\/wp\/v2\/categories?post=2348"},{"taxonomy":"post_tag","embeddable":true,"href":"https:\/\/www.tinosoriano.com\/blog\/wp-json\/wp\/v2\/tags?post=2348"}],"curies":[{"name":"wp","href":"https:\/\/api.w.org\/{rel}","templated":true}]}}