{"id":2329,"date":"2020-04-16T11:53:51","date_gmt":"2020-04-16T11:53:51","guid":{"rendered":"https:\/\/www.tinosoriano.com\/blog\/?p=2329"},"modified":"2020-04-17T06:59:56","modified_gmt":"2020-04-17T06:59:56","slug":"la-etica-del-reportero","status":"publish","type":"post","link":"https:\/\/www.tinosoriano.com\/blog\/la-etica-del-reportero\/","title":{"rendered":"La \u00e9tica de los reporteros"},"content":{"rendered":"\n<figure class=\"wp-block-image\"><img decoding=\"async\" loading=\"lazy\" width=\"1024\" height=\"802\" src=\"https:\/\/www.tinosoriano.com\/blog\/wp-content\/uploads\/2020\/04\/70-Sacerdote-cristiano-luchando-en-el-L\u00edbano-1024x802.jpg\" alt=\"\" class=\"wp-image-2330\" srcset=\"https:\/\/www.tinosoriano.com\/blog\/wp-content\/uploads\/2020\/04\/70-Sacerdote-cristiano-luchando-en-el-L\u00edbano-1024x802.jpg 1024w, https:\/\/www.tinosoriano.com\/blog\/wp-content\/uploads\/2020\/04\/70-Sacerdote-cristiano-luchando-en-el-L\u00edbano-300x235.jpg 300w, https:\/\/www.tinosoriano.com\/blog\/wp-content\/uploads\/2020\/04\/70-Sacerdote-cristiano-luchando-en-el-L\u00edbano-768x602.jpg 768w, https:\/\/www.tinosoriano.com\/blog\/wp-content\/uploads\/2020\/04\/70-Sacerdote-cristiano-luchando-en-el-L\u00edbano.jpg 1063w\" sizes=\"(max-width: 1024px) 100vw, 1024px\" \/><\/figure>\n\n\n\n<p style=\"text-align:center\"><em>Extra\u00eddo del libro \u201cAy\u00fadame a mirar\u201d \u2013 Anaya Photoclub<\/em><\/p>\n\n\n\n<p>Corr\u00eda el a\u00f1o 1984 y el L\u00edbano padec\u00eda otra nueva y sangrienta guerra. El fot\u00f3grafo <strong>Patrick Chauvel<\/strong>, que ser\u00eda testigo m\u00e1s tarde del asesinato de su colega <strong>Juantxu Rodr\u00edguez<\/strong> en Panam\u00e1, acribillado por una equivocaci\u00f3n del ej\u00e9rcito norteamericano, envi\u00f3 a la agencia Sygma un carrete con una secuencia que mostraba a un sacerdote cristiano liban\u00e9s, vestido con sotana, disparando con una metralleta sobre una facci\u00f3n musulmana. Una hora m\u00e1s tarde el protagonista le visit\u00f3 y le dijo:\u201c<em>Patrick, me he dejado tentar por el diablo, he perdido los estribos, no deber\u00eda haberlo hecho. T\u00fa, has cumplido con tu trabajo, pero mi acto puede tener consecuencias terribles<\/em>\u201d. <\/p>\n\n\n\n<p>Los musulmanes acababan de conquistar cuarenta localidades a los cristianos libaneses. Hab\u00edan matado a mucha gente, pero respetaban a los sacerdotes. Si la foto se hubiera publicado las milicias mahometanas habr\u00edan roto las costillas a todos los cl\u00e9rigos que se cruzaran en su camino. \u201c<em>Un precio demasiado caro para que yo tuviera el placer de tener una doble p\u00e1gina en Paris Match- <\/em>refiri\u00f3 <strong>Chauvel<\/strong><em>. Envi\u00e9 un t\u00e9lex a <strong>Henri Bureau<\/strong>, entonces redactor-jefe de Sygma, y le dije: \u2018la serie del cura la difundes, excepto en la que est\u00e1 disparando\u2019. \u00c9l me contest\u00f3 que, con esa decisi\u00f3n, perder\u00eda un mont\u00f3n de dinero. Esta imagen habr\u00eda dado la vuelta al mundo, pero no me import\u00f3. Hoy ya puedo mostrarla. Ahora es una vieja historia. Pero, en caliente, habr\u00eda ocasionado muchos muertos<\/em>\u201d. <\/p>\n\n\n\n<p>Una de las disyuntivas m\u00e1s dif\u00edcil para un reportero no es solo fotografiar, sino prever la repercusi\u00f3n que puede tener la informaci\u00f3n una vez se propague. En determinadas circunstancias es complicado determinar cu\u00e1ndo se puede o no tomar una foto, se pregunta si est\u00e1 actuando como un ave de rapi\u00f1a o si est\u00e1 fotografiando algo que deber\u00eda conocerse. En <em>Facebook<\/em> hay una p\u00e1gina llamada <em><a href=\"https:\/\/www.facebook.com\/groups\/197918473577006\/\"><strong>The Vulture Club<\/strong><\/a><\/em> y sus componentes son profesionales que en ocasiones trabajan en pa\u00edses conflictivos. Los miembros se aconsejan entre ellos sobre condiciones de seguridad o tratan de obtener referencias antes de contratar a un \u201c<em>fixer<\/em>\u201d, el t\u00e9rmino anglosaj\u00f3n que designa a los contactos locales que ayudan al reportero en su labor. Los mismos fot\u00f3grafos adoptaron el apelativo de buitres, mof\u00e1ndose de la mala fama que les otorga determinadas concepciones de una mal entendida \u00e9tica porque su delito es obtener im\u00e1genes de gran fuerza en situaciones catastr\u00f3ficas.<\/p>\n\n\n\n<figure class=\"wp-block-image\"><img decoding=\"async\" loading=\"lazy\" width=\"1024\" height=\"550\" src=\"https:\/\/www.tinosoriano.com\/blog\/wp-content\/uploads\/2020\/04\/The-Vulture-Club-1-1024x550.jpg\" alt=\"\" class=\"wp-image-2339\" srcset=\"https:\/\/www.tinosoriano.com\/blog\/wp-content\/uploads\/2020\/04\/The-Vulture-Club-1-1024x550.jpg 1024w, https:\/\/www.tinosoriano.com\/blog\/wp-content\/uploads\/2020\/04\/The-Vulture-Club-1-300x161.jpg 300w, https:\/\/www.tinosoriano.com\/blog\/wp-content\/uploads\/2020\/04\/The-Vulture-Club-1-768x413.jpg 768w, https:\/\/www.tinosoriano.com\/blog\/wp-content\/uploads\/2020\/04\/The-Vulture-Club-1.jpg 1046w\" sizes=\"(max-width: 1024px) 100vw, 1024px\" \/><\/figure>\n\n\n\n<p>A <strong>Sebastiao Salgado<\/strong>, el \u00fanico fot\u00f3grafo galardonado con el Premio Pr\u00edncipe de Espa\u00f1a, se le ha criticado con frecuencia la est\u00e9tica grandilocuente de sus fotograf\u00edas de profunda tem\u00e1tica social. Respondiendo a sus detractores el reportero brasile\u00f1o, profundo conocedor de los mecanismos que rigen la pol\u00edtica mundial, argumentaba: <em>\u201cNo tengo problemas de conciencia por que fotograf\u00edo gente muriendo de hambre, gente pobre o gente del Tercer Mundo. Yo no soy responsable por ellos, no soy yo el que les he hecho pobres, ni el que los explota. Creo que la fotograf\u00eda debe tratar estos problemas de forma que suscite una discusi\u00f3n, que haga que la gente repare en que los pa\u00edses ricos se est\u00e1n dividiendo el mundo entre ellos<\/em>\u201d.<\/p>\n\n\n\n<p>Desde la perspectiva de la \u00e9tica la fotograf\u00eda humanista deber\u00eda invitar al debate y a la reflexi\u00f3n. Sobre todo cuando lo difundido denuncia problem\u00e1ticas tales como la explotaci\u00f3n del ser humano por los propios humanos, las desventuras de los emigrantes, las consecuencias de la guerra, los desastres ecol\u00f3gicos, el despilfarro de los pol\u00edticos, los abusos de los banqueros, las evidencias de la mala praxis sanitaria, la ambici\u00f3n de los que carecen de escr\u00fapulos, los ancianos abandonados a su suerte, las hambrunas, los refugiados que nadie quiere, la explotaci\u00f3n infantil, las consecuencias de la droga, las perniciosas consecuencias del fanatismo religioso, la corrupci\u00f3n&#8230; temas cl\u00e1sicos del fotoperiodismo ligados a la perversidad del ser humano sobre los que no queda otro remedio que reincidir una y otra vez. <\/p>\n\n\n\n<p>Descubrir los abusos sin compartir plato y lecho con los poderosos deber\u00eda ser la consigna para cualquier comunicador que se precie de la independencia de su trabajo, aunque la independencia de los medios, como sabemos, <a href=\"https:\/\/www.publico.es\/tremending\/2020\/04\/02\/facha-and-furious-la-caverna-mediatica-pulveriza-su-record-de-dar-verguenza-ajena-en-plena-emergencia-por-la-pandemia\/\"><strong>es un tema que dar\u00eda mucho que debatir<\/strong><\/a>.<\/p>\n\n\n\n<figure class=\"wp-block-image\"><img decoding=\"async\" loading=\"lazy\" width=\"753\" height=\"503\" src=\"https:\/\/www.tinosoriano.com\/blog\/wp-content\/uploads\/2020\/04\/prensa-1-1132x670.jpg\" alt=\"\" class=\"wp-image-2333\" srcset=\"https:\/\/www.tinosoriano.com\/blog\/wp-content\/uploads\/2020\/04\/prensa-1-1132x670.jpg 753w, https:\/\/www.tinosoriano.com\/blog\/wp-content\/uploads\/2020\/04\/prensa-1-1132x670-300x200.jpg 300w\" sizes=\"(max-width: 753px) 100vw, 753px\" \/><\/figure>\n\n\n\n<p><em>\u201cEs un campo probablemente no decisivo, pero de todas maneras importante, el que ata\u00f1e a la fotograf\u00eda comprometida con las causas populares, con la liberaci\u00f3n de nuestros pueblos, con la denuncia de torturas y represi\u00f3n, con el esc\u00e1ndalo que puede llegar a ser la justicia. Y como el poder dispone de cuantiosos recursos, por lo general es poco menos que imposible librar la batalla contra-informativa en el cine y la televisi\u00f3n, a menudo copados por transnacionales o monopolios que de todos modos no permiten la incorporaci\u00f3n de voces heridas o disonantes, ni el ta\u00f1ido artesanal de otras campanas\u201d- escribi\u00f3<\/em> <strong>Mario Benedetti<\/strong> en \u201cLa fotograf\u00eda como accesorio ideol\u00f3gico\u201d<em>.<\/em> <\/p>\n\n\n\n<p>La sistem\u00e1tica mirada de los fotoperiodistas a lo s\u00f3rdido es el principal argumento de sus detractores. El reportero debe justificar una y otra vez sus incursiones a estos estratos y defenderse de las acusaciones de <em>carro\u00f1ero<\/em>. Por encima de todo lo que importa es la actitud del fot\u00f3grafo y su sentido de la \u00e9tica. <\/p>\n\n\n\n<p style=\"text-align:center\"><a href=\"https:\/\/www.yomecorono.com\/?fbclid=IwAR0iVwsTnxbm1dOhA4u0jlCSAtdUWtnbMoxdtuGK3fUepGhy6EcJhDW9rnU\"><strong>PULSA AQU\u00cd PARA CONTRIBUIR CON UNA AYUDA ECON\u00d3MICA Y AYUDAR A LA  INVESTIGACI\u00d3N DE UNA VACUNA CONTRA EL COVID-19,  PROYECTO   #YO ME  CORONO<\/strong><\/a><\/p>\n\n\n\n<div class=\"wp-block-image\"><figure class=\"aligncenter\"><img decoding=\"async\" loading=\"lazy\" width=\"150\" height=\"150\" src=\"https:\/\/www.tinosoriano.com\/blog\/wp-content\/uploads\/2020\/04\/MOP4474-90-2-150x150.jpg\" alt=\"\" class=\"wp-image-2285\"\/><figcaption><a href=\"https:\/\/www.todostuslibros.com\/busquedas?keyword=Ay%C3%BAdame+a+mirar.+La+biblia+del+reportaje+gr%C3%A1fico\"><strong>Portada del libro \u201cAy\u00fadame a mirar\u201d<\/strong><\/a><\/figcaption><\/figure><\/div>\n\n\n\n<p><br><\/p>\n\n\n\n<hr class=\"wp-block-separator\"\/>\n","protected":false},"excerpt":{"rendered":"<p>Extra\u00eddo del libro \u201cAy\u00fadame a mirar\u201d \u2013 Anaya Photoclub Corr\u00eda el a\u00f1o 1984 y el L\u00edbano padec\u00eda otra nueva y sangrienta guerra. El fot\u00f3grafo Patrick Chauvel, que ser\u00eda testigo m\u00e1s tarde del asesinato de su colega Juantxu Rodr\u00edguez en Panam\u00e1, acribillado por una equivocaci\u00f3n del ej\u00e9rcito norteamericano, envi\u00f3 a la agencia Sygma un carrete con [&hellip;]<\/p>\n","protected":false},"author":2,"featured_media":0,"comment_status":"open","ping_status":"closed","sticky":false,"template":"","format":"standard","meta":{"_genesis_hide_title":false,"_genesis_hide_breadcrumbs":false,"_genesis_hide_singular_image":false,"_genesis_hide_footer_widgets":false,"_genesis_custom_body_class":"","_genesis_custom_post_class":"","_genesis_layout":""},"categories":[79,5,78],"tags":[],"_links":{"self":[{"href":"https:\/\/www.tinosoriano.com\/blog\/wp-json\/wp\/v2\/posts\/2329"}],"collection":[{"href":"https:\/\/www.tinosoriano.com\/blog\/wp-json\/wp\/v2\/posts"}],"about":[{"href":"https:\/\/www.tinosoriano.com\/blog\/wp-json\/wp\/v2\/types\/post"}],"author":[{"embeddable":true,"href":"https:\/\/www.tinosoriano.com\/blog\/wp-json\/wp\/v2\/users\/2"}],"replies":[{"embeddable":true,"href":"https:\/\/www.tinosoriano.com\/blog\/wp-json\/wp\/v2\/comments?post=2329"}],"version-history":[{"count":14,"href":"https:\/\/www.tinosoriano.com\/blog\/wp-json\/wp\/v2\/posts\/2329\/revisions"}],"predecessor-version":[{"id":2347,"href":"https:\/\/www.tinosoriano.com\/blog\/wp-json\/wp\/v2\/posts\/2329\/revisions\/2347"}],"wp:attachment":[{"href":"https:\/\/www.tinosoriano.com\/blog\/wp-json\/wp\/v2\/media?parent=2329"}],"wp:term":[{"taxonomy":"category","embeddable":true,"href":"https:\/\/www.tinosoriano.com\/blog\/wp-json\/wp\/v2\/categories?post=2329"},{"taxonomy":"post_tag","embeddable":true,"href":"https:\/\/www.tinosoriano.com\/blog\/wp-json\/wp\/v2\/tags?post=2329"}],"curies":[{"name":"wp","href":"https:\/\/api.w.org\/{rel}","templated":true}]}}