{"id":2307,"date":"2020-04-11T17:17:09","date_gmt":"2020-04-11T17:17:09","guid":{"rendered":"https:\/\/www.tinosoriano.com\/blog\/?p=2307"},"modified":"2020-04-11T17:42:07","modified_gmt":"2020-04-11T17:42:07","slug":"los-derechos-de-imagen-en-los-tiempos-heroicos","status":"publish","type":"post","link":"https:\/\/www.tinosoriano.com\/blog\/los-derechos-de-imagen-en-los-tiempos-heroicos\/","title":{"rendered":"Derechos de imagen en tiempos heroicos"},"content":{"rendered":"\n<p style=\"text-align:center\"><em>Extra\u00eddo del libro \u00abAy\u00fadame a mirar\u00bb &#8211; Anaya Photoclub.<\/em><\/p>\n\n\n\n<figure class=\"wp-block-image\"><img decoding=\"async\" loading=\"lazy\" width=\"1024\" height=\"887\" src=\"https:\/\/www.tinosoriano.com\/blog\/wp-content\/uploads\/2020\/04\/Sarah-1024x887.jpg\" alt=\"\" class=\"wp-image-2317\" srcset=\"https:\/\/www.tinosoriano.com\/blog\/wp-content\/uploads\/2020\/04\/Sarah-1024x887.jpg 1024w, https:\/\/www.tinosoriano.com\/blog\/wp-content\/uploads\/2020\/04\/Sarah-300x260.jpg 300w, https:\/\/www.tinosoriano.com\/blog\/wp-content\/uploads\/2020\/04\/Sarah-768x665.jpg 768w, https:\/\/www.tinosoriano.com\/blog\/wp-content\/uploads\/2020\/04\/Sarah.jpg 1280w\" sizes=\"(max-width: 1024px) 100vw, 1024px\" \/><figcaption><strong><em>Sarah Bernhardt<\/em><\/strong><em> en su ata\u00fad &#8211; Photo de <strong>Stanley B. Burns <\/strong>(1882)<\/em> <\/figcaption><\/figure>\n\n\n\n<p>En el a\u00f1o 1880 <strong>Sarah Bernhardt<\/strong>, la actriz m\u00e1s popular de su tiempo, afirmaba que \u201c<em>si todas las fotograf\u00edas que se han tomado de m\u00ed se pusieran una encima de otra, la pila ser\u00eda tan alta como la Torre Eiffel<\/em>\u201d. La diva permiti\u00f3 a un tal <strong>Melandin<\/strong> que le tomara unas im\u00e1genes exclusivas en el interior del ata\u00fad revestido de sat\u00edn donde se dec\u00eda que recib\u00eda a sus amantes y conocido como \u201cel f\u00e9retro para dos\u201d. Ejerciendo un control sobre su propia imagen, impropio del siglo XIX, la <strong>Bernhardt<\/strong> estipul\u00f3 con <strong>Melandin<\/strong> que no podr\u00eda publicar las fotos hasta despu\u00e9s de su fallecimiento, una circunstancia que la actriz preve\u00eda que acaecer\u00eda en el plazo m\u00e1ximo de un a\u00f1o.<\/p>\n\n\n\n<p>Pero el que se muri\u00f3, probablemente de impaciencia, fue el propio fot\u00f3grafo. <strong>Sara Bernhardt<\/strong> dej\u00f3 este mundo en 1923, cuarenta y tres a\u00f1os despu\u00e9s de que se tomaran las im\u00e1genes. Tan bien controlaba la publicidad esta genial artista que <strong>Dumas<\/strong> hijo afirm\u00f3 que hab\u00eda o\u00eddo a un anciano mascullar en sus \u00faltimos momentos: \u201c<em>Dejo esta vida satisfecho porque no voy a volver a o\u00edr hablar de <strong>Sara Bernhardt<\/strong><\/em>\u201d. Es probable que se tratara de <strong>Melandin<\/strong>.<\/p>\n\n\n\n<p>De esa an\u00e9cdota se deduce que el control de la propia imagen no es nuevo. De hecho en 1868 el escritor <strong>Charles Dickens<\/strong> cre\u00f3 un precedente en su segunda gira de lecturas en Am\u00e9rica al negarse a posar para un fot\u00f3grafo sin percibir honorarios. Tras la iniciativa de un personaje tan popular como <strong>Dickens<\/strong> las cosas ya no fueron igual. <strong>Sara Bernhardt <\/strong>cobr\u00f3 mil quinientos d\u00f3lares de la \u00e9poca para dejarse fotografiar por <strong>Napole\u00f3n Sarony<\/strong>, uno de los m\u00e1s famosos retratistas especializado en espect\u00e1culos, cantidad que pronto fue superada por los cinco mil d\u00f3lares que exigi\u00f3 la tambi\u00e9n actriz <strong>Lillie Langtry<\/strong> en concepto de derechos de imagen.<\/p>\n\n\n\n<figure class=\"wp-block-image\"><img decoding=\"async\" loading=\"lazy\" width=\"690\" height=\"1024\" src=\"https:\/\/www.tinosoriano.com\/blog\/wp-content\/uploads\/2020\/04\/63a-Lillie-Langtry-\u2013-Fotograf\u00eda-de-J.-M.-Mora-1884-690x1024.jpg\" alt=\"\" class=\"wp-image-2309\" srcset=\"https:\/\/www.tinosoriano.com\/blog\/wp-content\/uploads\/2020\/04\/63a-Lillie-Langtry-\u2013-Fotograf\u00eda-de-J.-M.-Mora-1884-690x1024.jpg 690w, https:\/\/www.tinosoriano.com\/blog\/wp-content\/uploads\/2020\/04\/63a-Lillie-Langtry-\u2013-Fotograf\u00eda-de-J.-M.-Mora-1884-202x300.jpg 202w, https:\/\/www.tinosoriano.com\/blog\/wp-content\/uploads\/2020\/04\/63a-Lillie-Langtry-\u2013-Fotograf\u00eda-de-J.-M.-Mora-1884.jpg 716w\" sizes=\"(max-width: 690px) 100vw, 690px\" \/><figcaption> <strong><em>Lillie Langtry<\/em><\/strong><em> \u2013 Fotograf\u00eda de <strong>J. M. Mora<\/strong> (1884)<\/em> <\/figcaption><\/figure>\n\n\n\n<p>Y siguiendo con esas circunstancias, cien a\u00f1os m\u00e1s tarde fue muy comentado el pleito de <strong>Jacqueline Onassis<\/strong> con el fot\u00f3grafo <strong>Ron Galella<\/strong>. La viuda de <strong>John F. Kennedy<\/strong>, casada en segundas nupcias con el millonario griego <strong>Aristoteles Onassis<\/strong>, demand\u00f3 al paparazzo por asedio y un tribunal le conden\u00f3 a permanecer alejado a setenta metros de la ex primera dama. La sentencia, en s\u00ed, no era novedosa, pero aconteci\u00f3 que el fot\u00f3grafo, a su vez, pleite\u00f3 con <strong>Jacqueline<\/strong> porque le privaba de su principal medio de ganarse la vida; una denuncia que ser\u00eda desestimada.<\/p>\n\n\n\n<figure class=\"wp-block-image\"><img decoding=\"async\" loading=\"lazy\" width=\"1024\" height=\"576\" src=\"https:\/\/www.tinosoriano.com\/blog\/wp-content\/uploads\/2020\/04\/ron_galella_97-1024x576.jpg\" alt=\"\" class=\"wp-image-2310\" srcset=\"https:\/\/www.tinosoriano.com\/blog\/wp-content\/uploads\/2020\/04\/ron_galella_97-1024x576.jpg 1024w, https:\/\/www.tinosoriano.com\/blog\/wp-content\/uploads\/2020\/04\/ron_galella_97-300x169.jpg 300w, https:\/\/www.tinosoriano.com\/blog\/wp-content\/uploads\/2020\/04\/ron_galella_97-768x432.jpg 768w, https:\/\/www.tinosoriano.com\/blog\/wp-content\/uploads\/2020\/04\/ron_galella_97.jpg 1280w\" sizes=\"(max-width: 1024px) 100vw, 1024px\" \/><figcaption>Ron Galella y Jacqueline Kennedy Onassis<\/figcaption><\/figure>\n\n\n\n<p style=\"text-align:center\"><a href=\"https:\/\/periodistas-es.com\/ron-galella-paparazzo-extraordinaire-18685\"><strong>M\u00e1s informaci\u00f3n sobre Ron Galella.<\/strong><\/a><\/p>\n\n\n\n<p><a href=\"https:\/\/www.yomecorono.com\/?fbclid=IwAR0iVwsTnxbm1dOhA4u0jlCSAtdUWtnbMoxdtuGK3fUepGhy6EcJhDW9rnU\"><strong>PULSA  AQU\u00cd PARA CONTRIBUIR CON UNA AYUDA ECON\u00d3MICA Y AYUDAR A LA INVESTIGACI\u00d3N DE UNA VACUNA CONTRA EL COVID-19 CON EL PROYECTO   #YO ME CORONO<\/strong><\/a><\/p>\n\n\n\n<div class=\"wp-block-image\"><figure class=\"aligncenter\"><img decoding=\"async\" loading=\"lazy\" width=\"150\" height=\"150\" src=\"https:\/\/www.tinosoriano.com\/blog\/wp-content\/uploads\/2020\/04\/MOP4474-90-2-150x150.jpg\" alt=\"\" class=\"wp-image-2285\"\/><figcaption><a href=\"https:\/\/www.todostuslibros.com\/busquedas?keyword=Ay%C3%BAdame+a+mirar.+La+biblia+del+reportaje+gr%C3%A1fico\"><strong>Portada del libro \u201cAy\u00fadame a mirar\u201d<\/strong><\/a><\/figcaption><\/figure><\/div>\n","protected":false},"excerpt":{"rendered":"<p>Extra\u00eddo del libro \u00abAy\u00fadame a mirar\u00bb &#8211; Anaya Photoclub. En el a\u00f1o 1880 Sarah Bernhardt, la actriz m\u00e1s popular de su tiempo, afirmaba que \u201csi todas las fotograf\u00edas que se han tomado de m\u00ed se pusieran una encima de otra, la pila ser\u00eda tan alta como la Torre Eiffel\u201d. La diva permiti\u00f3 a un tal [&hellip;]<\/p>\n","protected":false},"author":2,"featured_media":0,"comment_status":"open","ping_status":"closed","sticky":false,"template":"","format":"standard","meta":{"_genesis_hide_title":false,"_genesis_hide_breadcrumbs":false,"_genesis_hide_singular_image":false,"_genesis_hide_footer_widgets":false,"_genesis_custom_body_class":"","_genesis_custom_post_class":"","_genesis_layout":""},"categories":[79,5,78],"tags":[],"_links":{"self":[{"href":"https:\/\/www.tinosoriano.com\/blog\/wp-json\/wp\/v2\/posts\/2307"}],"collection":[{"href":"https:\/\/www.tinosoriano.com\/blog\/wp-json\/wp\/v2\/posts"}],"about":[{"href":"https:\/\/www.tinosoriano.com\/blog\/wp-json\/wp\/v2\/types\/post"}],"author":[{"embeddable":true,"href":"https:\/\/www.tinosoriano.com\/blog\/wp-json\/wp\/v2\/users\/2"}],"replies":[{"embeddable":true,"href":"https:\/\/www.tinosoriano.com\/blog\/wp-json\/wp\/v2\/comments?post=2307"}],"version-history":[{"count":10,"href":"https:\/\/www.tinosoriano.com\/blog\/wp-json\/wp\/v2\/posts\/2307\/revisions"}],"predecessor-version":[{"id":2324,"href":"https:\/\/www.tinosoriano.com\/blog\/wp-json\/wp\/v2\/posts\/2307\/revisions\/2324"}],"wp:attachment":[{"href":"https:\/\/www.tinosoriano.com\/blog\/wp-json\/wp\/v2\/media?parent=2307"}],"wp:term":[{"taxonomy":"category","embeddable":true,"href":"https:\/\/www.tinosoriano.com\/blog\/wp-json\/wp\/v2\/categories?post=2307"},{"taxonomy":"post_tag","embeddable":true,"href":"https:\/\/www.tinosoriano.com\/blog\/wp-json\/wp\/v2\/tags?post=2307"}],"curies":[{"name":"wp","href":"https:\/\/api.w.org\/{rel}","templated":true}]}}